{"id":703,"date":"2022-11-24T12:30:23","date_gmt":"2022-11-24T18:30:23","guid":{"rendered":"https:\/\/grupologistico.mx\/?p=703"},"modified":"2022-11-28T10:01:42","modified_gmt":"2022-11-28T16:01:42","slug":"xx-del-encuentro-de-transporte-y-logistica-2022","status":"publish","type":"post","link":"https:\/\/grupologistico.mx\/?p=703","title":{"rendered":"XX del Encuentro de Transporte y Log\u00edstica 2022"},"content":{"rendered":"<div class=\"x11i5rnm xat24cr x1mh8g0r x1vvkbs xdj266r x126k92a\">\n<div dir=\"auto\">Grupo Log\u00edstico de la Cuenca del Pac\u00edfico, asisti\u00f3 la Edici\u00f3n XX del Encuentro de Transporte y Log\u00edstica 2022, representado por la Direcci\u00f3n y la Gerencia de Transportes Manzanillo y ALMAN.<\/div>\n<\/div>\n<div class=\"x11i5rnm xat24cr x1mh8g0r x1vvkbs xtlvy1s x126k92a\">\n<div dir=\"auto\"><a class=\"x1i10hfl xjbqb8w x6umtig x1b1mbwd xaqea5y xav7gou x9f619 x1ypdohk xt0psk2 xe8uvvx xdj266r x11i5rnm xat24cr x1mh8g0r xexx8yu x4uap5 x18d9i69 xkhd6sd x16tdsg8 x1hl2dhg xggy1nq x1a2a7pz xt0b8zv x1qq9wsj xo1l8bm\" role=\"link\" href=\"https:\/\/www.facebook.com\/hashtag\/etyl22?__eep__=6&amp;__cft__[0]=AZVuaJoVv35x3Wm3yA_u73gUeNLUsjBNeVZ_idb1RyHl7oko0QdLTOYMQ5BySi_9xzwWM5bF-LV3NM2X4yaovV72q8mCcgYeS8nbFDuxFgoLupXKVrsnrnChb6tZnLsHcDeaY2Aqn1JjHjyUHMTIBSt6pDGG99wm7Rwz9EivaK_5tJ2L0Vx7D3Tgq1Yz1B6PZDw&amp;__tn__=*NK-R\">#ETYL22<\/a> <a class=\"x1i10hfl xjbqb8w x6umtig x1b1mbwd xaqea5y xav7gou x9f619 x1ypdohk xt0psk2 xe8uvvx xdj266r x11i5rnm xat24cr x1mh8g0r xexx8yu x4uap5 x18d9i69 xkhd6sd x16tdsg8 x1hl2dhg xggy1nq x1a2a7pz xt0b8zv x1qq9wsj xo1l8bm\" role=\"link\" href=\"https:\/\/www.facebook.com\/hashtag\/etyl2022?__eep__=6&amp;__cft__[0]=AZVuaJoVv35x3Wm3yA_u73gUeNLUsjBNeVZ_idb1RyHl7oko0QdLTOYMQ5BySi_9xzwWM5bF-LV3NM2X4yaovV72q8mCcgYeS8nbFDuxFgoLupXKVrsnrnChb6tZnLsHcDeaY2Aqn1JjHjyUHMTIBSt6pDGG99wm7Rwz9EivaK_5tJ2L0Vx7D3Tgq1Yz1B6PZDw&amp;__tn__=*NK-R\">#ETYL2022<\/a> <a class=\"x1i10hfl xjbqb8w x6umtig x1b1mbwd xaqea5y xav7gou x9f619 x1ypdohk xt0psk2 xe8uvvx xdj266r x11i5rnm xat24cr x1mh8g0r xexx8yu x4uap5 x18d9i69 xkhd6sd x16tdsg8 x1hl2dhg xggy1nq x1a2a7pz xt0b8zv x1qq9wsj xo1l8bm\" role=\"link\" href=\"https:\/\/www.facebook.com\/hashtag\/gl?__eep__=6&amp;__cft__[0]=AZVuaJoVv35x3Wm3yA_u73gUeNLUsjBNeVZ_idb1RyHl7oko0QdLTOYMQ5BySi_9xzwWM5bF-LV3NM2X4yaovV72q8mCcgYeS8nbFDuxFgoLupXKVrsnrnChb6tZnLsHcDeaY2Aqn1JjHjyUHMTIBSt6pDGG99wm7Rwz9EivaK_5tJ2L0Vx7D3Tgq1Yz1B6PZDw&amp;__tn__=*NK-R\">#GL<\/a> <a class=\"x1i10hfl xjbqb8w x6umtig x1b1mbwd xaqea5y xav7gou x9f619 x1ypdohk xt0psk2 xe8uvvx xdj266r x11i5rnm xat24cr x1mh8g0r xexx8yu x4uap5 x18d9i69 xkhd6sd x16tdsg8 x1hl2dhg xggy1nq x1a2a7pz xt0b8zv x1qq9wsj xo1l8bm\" role=\"link\" href=\"https:\/\/www.facebook.com\/hashtag\/grupologistico?__eep__=6&amp;__cft__[0]=AZVuaJoVv35x3Wm3yA_u73gUeNLUsjBNeVZ_idb1RyHl7oko0QdLTOYMQ5BySi_9xzwWM5bF-LV3NM2X4yaovV72q8mCcgYeS8nbFDuxFgoLupXKVrsnrnChb6tZnLsHcDeaY2Aqn1JjHjyUHMTIBSt6pDGG99wm7Rwz9EivaK_5tJ2L0Vx7D3Tgq1Yz1B6PZDw&amp;__tn__=*NK-R\">#GrupoLogistico<\/a><\/div>\n<\/div>\n<div dir=\"auto\"><\/div>\n<div dir=\"auto\"><img loading=\"lazy\" decoding=\"async\" class=\"alignnone size-full wp-image-704\" src=\"https:\/\/grupologistico.mx\/wp-content\/uploads\/2022\/11\/311742080_131422916344375_5082507708359604829_n.jpg\" alt=\"\" width=\"1080\" height=\"1080\" \/><\/div>\n","protected":false},"excerpt":{"rendered":"<p>Grupo Log\u00edstico de la Cuenca del Pac\u00edfico, asisti\u00f3 la Edici\u00f3n XX del Encuentro de Transporte y Log\u00edstica 2022, representado por la Direcci\u00f3n y la Gerencia de Transportes Manzanillo y ALMAN. #ETYL22 #ETYL2022 #GL #GrupoLogistico<\/p>\n","protected":false},"author":4,"featured_media":0,"comment_status":"closed","ping_status":"closed","sticky":false,"template":"","format":"standard","meta":{"_et_pb_use_builder":"","_et_pb_old_content":"","_et_gb_content_width":"","footnotes":""},"categories":[1],"tags":[],"class_list":["post-703","post","type-post","status-publish","format-standard","hentry","category-entrada-espanol"],"yoast_head":"<!-- This site is optimized with the Yoast SEO plugin v27.5 - https:\/\/yoast.com\/product\/yoast-seo-wordpress\/ -->\n<title>XX del Encuentro de Transporte y Log\u00edstica 2022 - Grupo Log\u00edstico de la Cuenca del Pac\u00edfico<\/title>\n<meta name=\"robots\" content=\"index, follow, max-snippet:-1, max-image-preview:large, max-video-preview:-1\" \/>\n<link rel=\"canonical\" href=\"https:\/\/grupologistico.mx\/?p=703\" \/>\n<meta property=\"og:locale\" content=\"es_ES\" \/>\n<meta property=\"og:type\" content=\"article\" \/>\n<meta property=\"og:title\" content=\"XX del Encuentro de Transporte y Log\u00edstica 2022 - Grupo Log\u00edstico de la Cuenca del Pac\u00edfico\" \/>\n<meta property=\"og:description\" content=\"Grupo Log\u00edstico de la Cuenca del Pac\u00edfico, asisti\u00f3 la Edici\u00f3n XX del Encuentro de Transporte y Log\u00edstica 2022, representado por la Direcci\u00f3n y la Gerencia de Transportes Manzanillo y ALMAN. #ETYL22 #ETYL2022 #GL #GrupoLogistico\" \/>\n<meta property=\"og:url\" content=\"https:\/\/grupologistico.mx\/?p=703\" \/>\n<meta property=\"og:site_name\" content=\"Grupo Log\u00edstico de la Cuenca del Pac\u00edfico\" \/>\n<meta property=\"article:published_time\" content=\"2022-11-24T18:30:23+00:00\" \/>\n<meta property=\"article:modified_time\" content=\"2022-11-28T16:01:42+00:00\" \/>\n<meta property=\"og:image\" content=\"https:\/\/grupologistico.mx\/wp-content\/uploads\/2022\/11\/311742080_131422916344375_5082507708359604829_n.jpg\" \/>\n<meta name=\"author\" content=\"Grupo Log\u00edstico de la Cuenca del Pac\u00edfico\" \/>\n<meta name=\"twitter:card\" content=\"summary_large_image\" \/>\n<meta name=\"twitter:label1\" content=\"Escrito por\" \/>\n\t<meta name=\"twitter:data1\" content=\"Grupo Log\u00edstico de la Cuenca del Pac\u00edfico\" \/>\n\t<meta name=\"twitter:label2\" content=\"Tiempo de lectura\" \/>\n\t<meta name=\"twitter:data2\" content=\"1 minuto\" \/>\n<script type=\"application\/ld+json\" class=\"yoast-schema-graph\">{\"@context\":\"https:\\\/\\\/schema.org\",\"@graph\":[{\"@type\":\"Article\",\"@id\":\"https:\\\/\\\/grupologistico.mx\\\/?p=703#article\",\"isPartOf\":{\"@id\":\"https:\\\/\\\/grupologistico.mx\\\/?p=703\"},\"author\":{\"name\":\"Grupo Log\u00edstico de la Cuenca del Pac\u00edfico\",\"@id\":\"https:\\\/\\\/grupologistico.mx\\\/#\\\/schema\\\/person\\\/36ddf4729f521b51d6a9754abe7c27cd\"},\"headline\":\"XX del Encuentro de Transporte y Log\u00edstica 2022\",\"datePublished\":\"2022-11-24T18:30:23+00:00\",\"dateModified\":\"2022-11-28T16:01:42+00:00\",\"mainEntityOfPage\":{\"@id\":\"https:\\\/\\\/grupologistico.mx\\\/?p=703\"},\"wordCount\":46,\"image\":{\"@id\":\"https:\\\/\\\/grupologistico.mx\\\/?p=703#primaryimage\"},\"thumbnailUrl\":\"https:\\\/\\\/grupologistico.mx\\\/wp-content\\\/uploads\\\/2022\\\/11\\\/311742080_131422916344375_5082507708359604829_n.jpg\",\"articleSection\":[\"Espa\u00f1ol\"],\"inLanguage\":\"es\"},{\"@type\":\"WebPage\",\"@id\":\"https:\\\/\\\/grupologistico.mx\\\/?p=703\",\"url\":\"https:\\\/\\\/grupologistico.mx\\\/?p=703\",\"name\":\"XX del Encuentro de Transporte y Log\u00edstica 2022 - Grupo Log\u00edstico de la Cuenca del Pac\u00edfico\",\"isPartOf\":{\"@id\":\"https:\\\/\\\/grupologistico.mx\\\/#website\"},\"primaryImageOfPage\":{\"@id\":\"https:\\\/\\\/grupologistico.mx\\\/?p=703#primaryimage\"},\"image\":{\"@id\":\"https:\\\/\\\/grupologistico.mx\\\/?p=703#primaryimage\"},\"thumbnailUrl\":\"https:\\\/\\\/grupologistico.mx\\\/wp-content\\\/uploads\\\/2022\\\/11\\\/311742080_131422916344375_5082507708359604829_n.jpg\",\"datePublished\":\"2022-11-24T18:30:23+00:00\",\"dateModified\":\"2022-11-28T16:01:42+00:00\",\"author\":{\"@id\":\"https:\\\/\\\/grupologistico.mx\\\/#\\\/schema\\\/person\\\/36ddf4729f521b51d6a9754abe7c27cd\"},\"breadcrumb\":{\"@id\":\"https:\\\/\\\/grupologistico.mx\\\/?p=703#breadcrumb\"},\"inLanguage\":\"es\",\"potentialAction\":[{\"@type\":\"ReadAction\",\"target\":[\"https:\\\/\\\/grupologistico.mx\\\/?p=703\"]}]},{\"@type\":\"ImageObject\",\"inLanguage\":\"es\",\"@id\":\"https:\\\/\\\/grupologistico.mx\\\/?p=703#primaryimage\",\"url\":\"https:\\\/\\\/grupologistico.mx\\\/wp-content\\\/uploads\\\/2022\\\/11\\\/311742080_131422916344375_5082507708359604829_n.jpg\",\"contentUrl\":\"https:\\\/\\\/grupologistico.mx\\\/wp-content\\\/uploads\\\/2022\\\/11\\\/311742080_131422916344375_5082507708359604829_n.jpg\",\"width\":1080,\"height\":1080},{\"@type\":\"BreadcrumbList\",\"@id\":\"https:\\\/\\\/grupologistico.mx\\\/?p=703#breadcrumb\",\"itemListElement\":[{\"@type\":\"ListItem\",\"position\":1,\"name\":\"Portada\",\"item\":\"https:\\\/\\\/grupologistico.mx\\\/\"},{\"@type\":\"ListItem\",\"position\":2,\"name\":\"XX del Encuentro de Transporte y Log\u00edstica 2022\"}]},{\"@type\":\"WebSite\",\"@id\":\"https:\\\/\\\/grupologistico.mx\\\/#website\",\"url\":\"https:\\\/\\\/grupologistico.mx\\\/\",\"name\":\"Grupo Log\u00edstico de la Cuenca del Pac\u00edfico\",\"description\":\"Grupo Log\u00edstico de la Cuenca del Pac\u00edfico\",\"potentialAction\":[{\"@type\":\"SearchAction\",\"target\":{\"@type\":\"EntryPoint\",\"urlTemplate\":\"https:\\\/\\\/grupologistico.mx\\\/?s={search_term_string}\"},\"query-input\":{\"@type\":\"PropertyValueSpecification\",\"valueRequired\":true,\"valueName\":\"search_term_string\"}}],\"inLanguage\":\"es\"},{\"@type\":\"Person\",\"@id\":\"https:\\\/\\\/grupologistico.mx\\\/#\\\/schema\\\/person\\\/36ddf4729f521b51d6a9754abe7c27cd\",\"name\":\"Grupo Log\u00edstico de la Cuenca del Pac\u00edfico\",\"image\":{\"@type\":\"ImageObject\",\"inLanguage\":\"es\",\"@id\":\"https:\\\/\\\/secure.gravatar.com\\\/avatar\\\/670da96232cbb59fad30e4bb5282247afef7b19bb567bdf4ce6467509d654722?s=96&d=mm&r=g\",\"url\":\"https:\\\/\\\/secure.gravatar.com\\\/avatar\\\/670da96232cbb59fad30e4bb5282247afef7b19bb567bdf4ce6467509d654722?s=96&d=mm&r=g\",\"contentUrl\":\"https:\\\/\\\/secure.gravatar.com\\\/avatar\\\/670da96232cbb59fad30e4bb5282247afef7b19bb567bdf4ce6467509d654722?s=96&d=mm&r=g\",\"caption\":\"Grupo Log\u00edstico de la Cuenca del Pac\u00edfico\"},\"url\":\"https:\\\/\\\/grupologistico.mx\\\/?author=4\"}]}<\/script>\n<!-- \/ Yoast SEO plugin. -->","yoast_head_json":{"title":"XX del Encuentro de Transporte y Log\u00edstica 2022 - Grupo Log\u00edstico de la Cuenca del Pac\u00edfico","robots":{"index":"index","follow":"follow","max-snippet":"max-snippet:-1","max-image-preview":"max-image-preview:large","max-video-preview":"max-video-preview:-1"},"canonical":"https:\/\/grupologistico.mx\/?p=703","og_locale":"es_ES","og_type":"article","og_title":"XX del Encuentro de Transporte y Log\u00edstica 2022 - Grupo Log\u00edstico de la Cuenca del Pac\u00edfico","og_description":"Grupo Log\u00edstico de la Cuenca del Pac\u00edfico, asisti\u00f3 la Edici\u00f3n XX del Encuentro de Transporte y Log\u00edstica 2022, representado por la Direcci\u00f3n y la Gerencia de Transportes Manzanillo y ALMAN. #ETYL22 #ETYL2022 #GL #GrupoLogistico","og_url":"https:\/\/grupologistico.mx\/?p=703","og_site_name":"Grupo Log\u00edstico de la Cuenca del Pac\u00edfico","article_published_time":"2022-11-24T18:30:23+00:00","article_modified_time":"2022-11-28T16:01:42+00:00","og_image":[{"url":"https:\/\/grupologistico.mx\/wp-content\/uploads\/2022\/11\/311742080_131422916344375_5082507708359604829_n.jpg","type":"","width":"","height":""}],"author":"Grupo Log\u00edstico de la Cuenca del Pac\u00edfico","twitter_card":"summary_large_image","twitter_misc":{"Escrito por":"Grupo Log\u00edstico de la Cuenca del Pac\u00edfico","Tiempo de lectura":"1 minuto"},"schema":{"@context":"https:\/\/schema.org","@graph":[{"@type":"Article","@id":"https:\/\/grupologistico.mx\/?p=703#article","isPartOf":{"@id":"https:\/\/grupologistico.mx\/?p=703"},"author":{"name":"Grupo Log\u00edstico de la Cuenca del Pac\u00edfico","@id":"https:\/\/grupologistico.mx\/#\/schema\/person\/36ddf4729f521b51d6a9754abe7c27cd"},"headline":"XX del Encuentro de Transporte y Log\u00edstica 2022","datePublished":"2022-11-24T18:30:23+00:00","dateModified":"2022-11-28T16:01:42+00:00","mainEntityOfPage":{"@id":"https:\/\/grupologistico.mx\/?p=703"},"wordCount":46,"image":{"@id":"https:\/\/grupologistico.mx\/?p=703#primaryimage"},"thumbnailUrl":"https:\/\/grupologistico.mx\/wp-content\/uploads\/2022\/11\/311742080_131422916344375_5082507708359604829_n.jpg","articleSection":["Espa\u00f1ol"],"inLanguage":"es"},{"@type":"WebPage","@id":"https:\/\/grupologistico.mx\/?p=703","url":"https:\/\/grupologistico.mx\/?p=703","name":"XX del Encuentro de Transporte y Log\u00edstica 2022 - Grupo Log\u00edstico de la Cuenca del Pac\u00edfico","isPartOf":{"@id":"https:\/\/grupologistico.mx\/#website"},"primaryImageOfPage":{"@id":"https:\/\/grupologistico.mx\/?p=703#primaryimage"},"image":{"@id":"https:\/\/grupologistico.mx\/?p=703#primaryimage"},"thumbnailUrl":"https:\/\/grupologistico.mx\/wp-content\/uploads\/2022\/11\/311742080_131422916344375_5082507708359604829_n.jpg","datePublished":"2022-11-24T18:30:23+00:00","dateModified":"2022-11-28T16:01:42+00:00","author":{"@id":"https:\/\/grupologistico.mx\/#\/schema\/person\/36ddf4729f521b51d6a9754abe7c27cd"},"breadcrumb":{"@id":"https:\/\/grupologistico.mx\/?p=703#breadcrumb"},"inLanguage":"es","potentialAction":[{"@type":"ReadAction","target":["https:\/\/grupologistico.mx\/?p=703"]}]},{"@type":"ImageObject","inLanguage":"es","@id":"https:\/\/grupologistico.mx\/?p=703#primaryimage","url":"https:\/\/grupologistico.mx\/wp-content\/uploads\/2022\/11\/311742080_131422916344375_5082507708359604829_n.jpg","contentUrl":"https:\/\/grupologistico.mx\/wp-content\/uploads\/2022\/11\/311742080_131422916344375_5082507708359604829_n.jpg","width":1080,"height":1080},{"@type":"BreadcrumbList","@id":"https:\/\/grupologistico.mx\/?p=703#breadcrumb","itemListElement":[{"@type":"ListItem","position":1,"name":"Portada","item":"https:\/\/grupologistico.mx\/"},{"@type":"ListItem","position":2,"name":"XX del Encuentro de Transporte y Log\u00edstica 2022"}]},{"@type":"WebSite","@id":"https:\/\/grupologistico.mx\/#website","url":"https:\/\/grupologistico.mx\/","name":"Grupo Log\u00edstico de la Cuenca del Pac\u00edfico","description":"Grupo Log\u00edstico de la Cuenca del Pac\u00edfico","potentialAction":[{"@type":"SearchAction","target":{"@type":"EntryPoint","urlTemplate":"https:\/\/grupologistico.mx\/?s={search_term_string}"},"query-input":{"@type":"PropertyValueSpecification","valueRequired":true,"valueName":"search_term_string"}}],"inLanguage":"es"},{"@type":"Person","@id":"https:\/\/grupologistico.mx\/#\/schema\/person\/36ddf4729f521b51d6a9754abe7c27cd","name":"Grupo Log\u00edstico de la Cuenca del Pac\u00edfico","image":{"@type":"ImageObject","inLanguage":"es","@id":"https:\/\/secure.gravatar.com\/avatar\/670da96232cbb59fad30e4bb5282247afef7b19bb567bdf4ce6467509d654722?s=96&d=mm&r=g","url":"https:\/\/secure.gravatar.com\/avatar\/670da96232cbb59fad30e4bb5282247afef7b19bb567bdf4ce6467509d654722?s=96&d=mm&r=g","contentUrl":"https:\/\/secure.gravatar.com\/avatar\/670da96232cbb59fad30e4bb5282247afef7b19bb567bdf4ce6467509d654722?s=96&d=mm&r=g","caption":"Grupo Log\u00edstico de la Cuenca del Pac\u00edfico"},"url":"https:\/\/grupologistico.mx\/?author=4"}]}},"_links":{"self":[{"href":"https:\/\/grupologistico.mx\/index.php?rest_route=\/wp\/v2\/posts\/703","targetHints":{"allow":["GET"]}}],"collection":[{"href":"https:\/\/grupologistico.mx\/index.php?rest_route=\/wp\/v2\/posts"}],"about":[{"href":"https:\/\/grupologistico.mx\/index.php?rest_route=\/wp\/v2\/types\/post"}],"author":[{"embeddable":true,"href":"https:\/\/grupologistico.mx\/index.php?rest_route=\/wp\/v2\/users\/4"}],"replies":[{"embeddable":true,"href":"https:\/\/grupologistico.mx\/index.php?rest_route=%2Fwp%2Fv2%2Fcomments&post=703"}],"version-history":[{"count":1,"href":"https:\/\/grupologistico.mx\/index.php?rest_route=\/wp\/v2\/posts\/703\/revisions"}],"predecessor-version":[{"id":705,"href":"https:\/\/grupologistico.mx\/index.php?rest_route=\/wp\/v2\/posts\/703\/revisions\/705"}],"wp:attachment":[{"href":"https:\/\/grupologistico.mx\/index.php?rest_route=%2Fwp%2Fv2%2Fmedia&parent=703"}],"wp:term":[{"taxonomy":"category","embeddable":true,"href":"https:\/\/grupologistico.mx\/index.php?rest_route=%2Fwp%2Fv2%2Fcategories&post=703"},{"taxonomy":"post_tag","embeddable":true,"href":"https:\/\/grupologistico.mx\/index.php?rest_route=%2Fwp%2Fv2%2Ftags&post=703"}],"curies":[{"name":"wp","href":"https:\/\/api.w.org\/{rel}","templated":true}]}}